{"id":4892,"date":"2026-01-23T14:02:00","date_gmt":"2026-01-23T13:02:00","guid":{"rendered":"https:\/\/www.guenther-s.de\/wordpress\/?p=4892"},"modified":"2026-01-23T14:02:00","modified_gmt":"2026-01-23T13:02:00","slug":"ein-innerlicher-parteitag-ich-hatte-damals-recht","status":"publish","type":"post","link":"https:\/\/www.guenther-s.de\/wordpress\/4892\/","title":{"rendered":"Ein innerlicher Parteitag: Ich hatte damals recht!"},"content":{"rendered":"<p>&nbsp;<\/p>\n<p><strong>Publizist und freie Journalist Bastian Barucker:<\/strong><\/p>\n<blockquote><p><em>&#8222;<a href=\"https:\/\/www.langer-blomqvist.de\/vereinnahmte-wissenschaft-die-corona-protokolle-des-robert-koch-instituts-9783948576219.html\" target=\"_blank\" rel=\"noopener noreferrer\">Die Ver\u00f6ffentlichung der Corona-Protokolle<\/a> des Robert-Koch-Instituts hat aufgedeckt, dass die Pandemiepolitik nicht auf wissenschaftlichen Erkenntnissen fu\u00dfte. Anstatt der Wissenschaft zu folgen, konstruierte die Politik ein Corona-Management, welches <a href=\"https:\/\/blog.bastian-barucker.de\/corona-bilanz-john-ioannidis\/\" target=\"_blank\" rel=\"noopener noreferrer\">keinen nachweisbaren medizinischen Nutzen<\/a> hatte und explizit <a href=\"https:\/\/www.nachdenkseiten.de\/?p=119398\" target=\"_blank\" rel=\"noopener noreferrer\">gegen die Empfehlungen<\/a> der Wissenschaftler im RKI war.&#8220; <\/em>(<a href=\"https:\/\/www.barucker.press\/p\/pei-abteilung-protokolle\" target=\"_blank\" rel=\"noopener\">Link<\/a> zum Dokument)<\/p><\/blockquote>\n<p>&#8230; und weiter:<\/p>\n<blockquote><p><em>&#8222;Die RKI-Protokolle wurden nur durch den mutigen Einsatz eines Whistleblowers oder einer Whistleblowerin im Juli 2024 \u00f6ffentlich. Sie brachten das Narrativ einer wissenschaftsbasierten Pandemiepolitik <a href=\"https:\/\/www.youtube.com\/watch?v=3ubFgzeJNa8\" target=\"_blank\" rel=\"noopener\">zum Einsturz<\/a>.&#8220; <\/em>(<a href=\"https:\/\/www.barucker.press\/p\/pei-abteilung-protokolle\" target=\"_blank\" rel=\"noopener\">Link<\/a> zum Dokument)<\/p><\/blockquote>\n<p>Der H\u00f6hepunkt:<\/p>\n<blockquote><p>\u00abF\u00fcr den Zeitraum vom 20.02.2020 bis zum 19.06.2023 liegen dem Paul-Ehrlich-Institut keine schriftlichen Protokolle vor. Auf die Erstellung schriftlicher Protokolle wurde innerhalb dieses Zeitraums verzichtet, da aufgrund der au\u00dfergew\u00f6hnlich hohen Arbeitsbelastung w\u00e4hrend der Pandemie die Ressourcen vorrangig auf die Erledigung der Amtsaufgaben konzentriert wurden und die fakultative Dokumentation der Sitzungen daher zur\u00fcckgestellt wurde.\u00ab (<a href=\"https:\/\/www.barucker.press\/p\/pei-abteilung-protokolle\" target=\"_blank\" rel=\"noopener\">Link zum Dokument<\/a>)<\/p><\/blockquote>\n<p>Eine juristische Einsch\u00e4tzung dieses Sachverhaltes:<\/p>\n<blockquote><p>&#8222;Mehrere Juristen erachteten das Nichtvorhandensein der Protokolle als h\u00f6chst unwahrscheinlich und kamen zu dem Ergebnis, dass das Anlegen von Protokollen nicht freiwillig, sondern Teil der Amtsaufgaben ist. Die Nichtanfertigung w\u00fcrde dann einer Pflichtverletzung gleichkommen.&#8220; (<a href=\"https:\/\/www.barucker.press\/p\/pei-abteilung-protokolle\" target=\"_blank\" rel=\"noopener\">Link<\/a> zum Dokument)<\/p><\/blockquote>\n<p>F\u00fcr die Organisation der Arbeit im Zeitraum der Pandemie erhielt der ehemalige Pr\u00e4sident des Paul-Ehrlich-Institutes das Verdienstkreuz 1. Klasse des Verdienstordens der Bundesrepublik Deutschland<\/p>\n<blockquote><p>&#8222;Bundespr\u00e4sident Frank-Walter Steinmeier hat den ehemaligen Pr\u00e4sidenten des Paul-Ehrlich-Instituts, <abbr title=\"au\u00dferplanm\u00e4\u00dfige\/r\">apl.<\/abbr> <abbr title=\"Professor\">Prof.<\/abbr> <abbr title=\"Doktor\">Dr.<\/abbr> Klaus Cichutek, f\u00fcr seinen herausragenden Einsatz bei der Bew\u00e4ltigung der COVID-19-Pandemie mit dem Verdienstkreuz 1. Klasse des Verdienstordens der Bundesrepublik Deutschland ausgezeichnet. Bei einem feierlichen Empfang am Donnerstag, den 18.01.2024, im Schloss Bellevue in Berlin verlieh der Bundespr\u00e4sident pers\u00f6nlich den Orden an Klaus Cichutek.&#8220; (<a href=\"https:\/\/www.pei.de\/DE\/newsroom\/hp-meldungen\/2024\/240118-bundesverdienstkreuz-klaus-cichutek.html\" target=\"_blank\" rel=\"noopener\">Link<\/a> zum Dokument)<\/p><\/blockquote>\n<p><em><strong>Zum Gl\u00fcck habe ich das alles \u00fcberlebt&#8230;.<\/strong><\/em><\/p>\n<p>&nbsp;<\/p>\n","protected":false},"excerpt":{"rendered":"<p>&nbsp; Publizist und freie Journalist Bastian Barucker: &#8222;Die Ver\u00f6ffentlichung der Corona-Protokolle des Robert-Koch-Instituts hat aufgedeckt, dass die Pandemiepolitik nicht auf wissenschaftlichen Erkenntnissen fu\u00dfte. Anstatt der Wissenschaft zu folgen, konstruierte die Politik ein Corona-Management, welches keinen nachweisbaren medizinischen Nutzen hatte und explizit gegen die Empfehlungen der Wissenschaftler im RKI war.&#8220; (Link zum Dokument) &#8230; und weiter: &#8222;Die RKI-Protokolle wurden nur durch den mutigen Einsatz eines Whistleblowers oder einer Whistleblowerin im Juli 2024 \u00f6ffentlich. Sie brachten das Narrativ einer wissenschaftsbasierten Pandemiepolitik zum&#8230;<\/p>\n<p class=\"read-more\"><a class=\"btn btn-default\" href=\"https:\/\/www.guenther-s.de\/wordpress\/4892\/\">Weiterlesen<span class=\"screen-reader-text\"> Weiterlesen<\/span><\/a><\/p>\n","protected":false},"author":1,"featured_media":0,"comment_status":"open","ping_status":"open","sticky":false,"template":"","format":"standard","meta":{"footnotes":""},"categories":[1],"tags":[],"class_list":["post-4892","post","type-post","status-publish","format-standard","hentry","category-allgemein"],"_links":{"self":[{"href":"https:\/\/www.guenther-s.de\/wordpress\/wp-json\/wp\/v2\/posts\/4892","targetHints":{"allow":["GET"]}}],"collection":[{"href":"https:\/\/www.guenther-s.de\/wordpress\/wp-json\/wp\/v2\/posts"}],"about":[{"href":"https:\/\/www.guenther-s.de\/wordpress\/wp-json\/wp\/v2\/types\/post"}],"author":[{"embeddable":true,"href":"https:\/\/www.guenther-s.de\/wordpress\/wp-json\/wp\/v2\/users\/1"}],"replies":[{"embeddable":true,"href":"https:\/\/www.guenther-s.de\/wordpress\/wp-json\/wp\/v2\/comments?post=4892"}],"version-history":[{"count":3,"href":"https:\/\/www.guenther-s.de\/wordpress\/wp-json\/wp\/v2\/posts\/4892\/revisions"}],"predecessor-version":[{"id":4895,"href":"https:\/\/www.guenther-s.de\/wordpress\/wp-json\/wp\/v2\/posts\/4892\/revisions\/4895"}],"wp:attachment":[{"href":"https:\/\/www.guenther-s.de\/wordpress\/wp-json\/wp\/v2\/media?parent=4892"}],"wp:term":[{"taxonomy":"category","embeddable":true,"href":"https:\/\/www.guenther-s.de\/wordpress\/wp-json\/wp\/v2\/categories?post=4892"},{"taxonomy":"post_tag","embeddable":true,"href":"https:\/\/www.guenther-s.de\/wordpress\/wp-json\/wp\/v2\/tags?post=4892"}],"curies":[{"name":"wp","href":"https:\/\/api.w.org\/{rel}","templated":true}]}}