{"id":4793,"date":"2025-10-02T13:40:31","date_gmt":"2025-10-02T11:40:31","guid":{"rendered":"https:\/\/www.guenther-s.de\/wordpress\/?p=4793"},"modified":"2025-10-08T17:06:59","modified_gmt":"2025-10-08T15:06:59","slug":"eine-reise-in-den-herbst-in-thueringen","status":"publish","type":"post","link":"https:\/\/www.guenther-s.de\/wordpress\/4793\/","title":{"rendered":"Eine Reise in den Herbst nach Th\u00fcringen"},"content":{"rendered":"<p>&nbsp;<\/p>\n<p>Wie vor rund 45 Jahren in Steinheid:<\/p>\n<p style=\"text-align: center;\"><strong>Sichtweiten tags\u00fcber unter 50 m und leichter Nieselregen verbunden mit kr\u00e4ftigen Windb\u00f6en!<\/strong><\/p>\n<p><a href=\"https:\/\/www.guenther-s.de\/wordpress\/wp-content\/uploads\/2025\/10\/oberhof-sep25-01.jpg\" target=\"_blank\" rel=\"noopener\"><img loading=\"lazy\" decoding=\"async\" class=\"alignleft size-medium wp-image-4805\" src=\"https:\/\/www.guenther-s.de\/wordpress\/wp-content\/uploads\/2025\/10\/oberhof-sep25-01a-300x226.jpg\" alt=\"\" width=\"300\" height=\"226\" srcset=\"https:\/\/www.guenther-s.de\/wordpress\/wp-content\/uploads\/2025\/10\/oberhof-sep25-01a-300x226.jpg 300w, https:\/\/www.guenther-s.de\/wordpress\/wp-content\/uploads\/2025\/10\/oberhof-sep25-01a-358x270.jpg 358w, https:\/\/www.guenther-s.de\/wordpress\/wp-content\/uploads\/2025\/10\/oberhof-sep25-01a.jpg 496w\" sizes=\"auto, (max-width: 300px) 100vw, 300px\" \/><\/a> <a href=\"https:\/\/www.guenther-s.de\/wordpress\/wp-content\/uploads\/2025\/10\/oberhof-sep25-03.jpg\" target=\"_blank\" rel=\"noopener\"><img loading=\"lazy\" decoding=\"async\" class=\"alignright size-medium wp-image-4809\" src=\"https:\/\/www.guenther-s.de\/wordpress\/wp-content\/uploads\/2025\/10\/oberhof-sep25-03a-300x225.jpg\" alt=\"\" width=\"300\" height=\"225\" srcset=\"https:\/\/www.guenther-s.de\/wordpress\/wp-content\/uploads\/2025\/10\/oberhof-sep25-03a-300x225.jpg 300w, https:\/\/www.guenther-s.de\/wordpress\/wp-content\/uploads\/2025\/10\/oberhof-sep25-03a-360x270.jpg 360w, https:\/\/www.guenther-s.de\/wordpress\/wp-content\/uploads\/2025\/10\/oberhof-sep25-03a.jpg 496w\" sizes=\"auto, (max-width: 300px) 100vw, 300px\" \/><\/a><\/p>\n<p>&nbsp;<\/p>\n<p>Oberhof in den Wolken<\/p>\n<p>&nbsp;<\/p>\n<p>&nbsp;<\/p>\n<p>Das war unser erster Eindruck bei der Ankunft Ende September in Oberhof im <a href=\"https:\/\/www.berghotel-oberhof.de\/\" target=\"_blank\" rel=\"noopener\">Konsum-Hotel<\/a>. Trotzdem f\u00fchlte ich mich wohl! Es lag wahrscheinlich an den Erinnerungen an damals in Steinheid, die dadurch wieder lebendig wurden:<\/p>\n<ul>\n<li>Fu\u00dfmarsch nach &#8222;Oben&#8220; Richtung Dienststelle nur mit Regenumhang<\/li>\n<li>Postenkontrolle als OvD lautstark, damit der uns im Dunst der tiefh\u00e4ngenden Wolke bei der geringen Sichtweite nicht \u00fcbersah oder einen Schreck bekam<\/li>\n<li>erste Eisbildungen nachts an den Antennenanlagen &#8211; in Oberhof halt nur an den Laternen <img loading=\"lazy\" decoding=\"async\" class=\"alignnone size-full wp-image-935\" src=\"https:\/\/www.guenther-s.de\/wordpress\/wp-content\/uploads\/2005\/09\/roll.gif\" alt=\"\" width=\"50\" height=\"15\" \/><\/li>\n<li>warme Stube zum Kuscheln oben im 2. OG &#8211; das Kohleschleppen mit vier Marmeladeneimern gleichzeitig bis oben war jeden Abend Training &#8211; die H\u00e4nde taten einem dann auf Grund der schmalen Eimergriffe (B\u00fcgel) meistens weh<\/li>\n<li>Abendspaziergang eingemummelt die Kieferlestra\u00dfe entlang &#8211; in Oberhof mu\u00dfte daf\u00fcr die Strecke zum &#8222;Panorama-Hotel&#8220; herhalten<\/li>\n<li>Abendbrot in geselliger Runde oder auch mal ein Skatabend im &#8222;Marktcaf\u00e9&#8220; bei Gertrud und Walter &#8211; hier war es der urige <a href=\"https:\/\/waldschrat.chayns.site\/\" target=\"_blank\" rel=\"noopener\">&#8222;Waldschrat&#8220;<\/a><\/li>\n<li>auf der Stra\u00dfe aus dem Dunst auftauchende Scheinwerfer langsam fahrender Autos, deren Fahrger\u00e4usche vom Nebel verschluckt wurden<\/li>\n<\/ul>\n<p>Aber das waren &#8222;gestrige&#8220; Dinge &#8211; Nostalgie eben &#8211; in weite Ferne ger\u00fcckt und unwiderruflich Vergangenheit!<\/p>\n<p>Die Gegenwart gestaltete sich so, da\u00df am dritten Tag unseres Aufenthaltes die Wolken von der Sonne beseitigt wurden und wir die n\u00e4chsten Tage uns im &#8222;Indian Summer&#8220; (oder wie der Deutsche es ausdr\u00fcckt: &#8222;Altweibersommer&#8220;) wieder fanden! Einfach herrlich! Der Ort pr\u00e4sentierte sich in seiner ganzen Sch\u00f6nheit &#8211; das, was sich vorher im grauen Nebel versteckte, wurde pl\u00f6tzlich in voller Pracht sichtbar!<\/p>\n<p><a href=\"https:\/\/www.guenther-s.de\/wordpress\/wp-content\/uploads\/2025\/10\/oberhof-sep25-02.jpg\" target=\"_blank\" rel=\"noopener\"><img loading=\"lazy\" decoding=\"async\" class=\"alignleft size-medium wp-image-4807\" src=\"https:\/\/www.guenther-s.de\/wordpress\/wp-content\/uploads\/2025\/10\/oberhof-sep25-02a-300x221.jpg\" alt=\"\" width=\"300\" height=\"221\" srcset=\"https:\/\/www.guenther-s.de\/wordpress\/wp-content\/uploads\/2025\/10\/oberhof-sep25-02a-300x221.jpg 300w, https:\/\/www.guenther-s.de\/wordpress\/wp-content\/uploads\/2025\/10\/oberhof-sep25-02a-366x270.jpg 366w, https:\/\/www.guenther-s.de\/wordpress\/wp-content\/uploads\/2025\/10\/oberhof-sep25-02a.jpg 496w\" sizes=\"auto, (max-width: 300px) 100vw, 300px\" \/><\/a> <a href=\"https:\/\/www.guenther-s.de\/wordpress\/wp-content\/uploads\/2025\/10\/oberhof-sep25-04.jpg\" target=\"_blank\" rel=\"noopener\"><img loading=\"lazy\" decoding=\"async\" class=\"alignright size-medium wp-image-4811\" src=\"https:\/\/www.guenther-s.de\/wordpress\/wp-content\/uploads\/2025\/10\/oberhof-sep25-04a-300x225.jpg\" alt=\"\" width=\"300\" height=\"225\" srcset=\"https:\/\/www.guenther-s.de\/wordpress\/wp-content\/uploads\/2025\/10\/oberhof-sep25-04a-300x225.jpg 300w, https:\/\/www.guenther-s.de\/wordpress\/wp-content\/uploads\/2025\/10\/oberhof-sep25-04a-360x270.jpg 360w, https:\/\/www.guenther-s.de\/wordpress\/wp-content\/uploads\/2025\/10\/oberhof-sep25-04a.jpg 494w\" sizes=\"auto, (max-width: 300px) 100vw, 300px\" \/><\/a><\/p>\n<p>&nbsp;<\/p>\n<p>&nbsp;<\/p>\n<p>&nbsp;<\/p>\n<p>&nbsp;<\/p>\n<p>&nbsp;<\/p>\n<p style=\"text-align: center;\">Oberhof im Sonnenschein<\/p>\n<p>Wir genossen die W\u00e4rme der Sonnenstrahlen dieser Tage, wanderten auf uns doch schon bekannten Pfaden in der herrlichen Natur Th\u00fcringens &#8211; kehrten aber immer wieder t\u00e4glich zum Gl\u00fchwein auf die Liegewiese zu den uns bekannten Liegest\u00fchlen zur\u00fcck!<\/p>\n<p><a href=\"https:\/\/www.guenther-s.de\/wordpress\/wp-content\/uploads\/2025\/10\/oberhof-sep25-05.jpg\" target=\"_blank\" rel=\"noopener\"><img loading=\"lazy\" decoding=\"async\" class=\"aligncenter size-medium wp-image-4813\" src=\"https:\/\/www.guenther-s.de\/wordpress\/wp-content\/uploads\/2025\/10\/oberhof-sep25-05a-300x228.jpg\" alt=\"\" width=\"300\" height=\"228\" srcset=\"https:\/\/www.guenther-s.de\/wordpress\/wp-content\/uploads\/2025\/10\/oberhof-sep25-05a-300x228.jpg 300w, https:\/\/www.guenther-s.de\/wordpress\/wp-content\/uploads\/2025\/10\/oberhof-sep25-05a-355x270.jpg 355w, https:\/\/www.guenther-s.de\/wordpress\/wp-content\/uploads\/2025\/10\/oberhof-sep25-05a.jpg 494w\" sizes=\"auto, (max-width: 300px) 100vw, 300px\" \/><\/a><\/p>\n<p>&nbsp;<\/p>\n<p style=\"text-align: center;\"><strong>Das Leben kann so sch\u00f6n sein!<\/strong><\/p>\n<p>&nbsp;<\/p>\n","protected":false},"excerpt":{"rendered":"<p>&nbsp; Wie vor rund 45 Jahren in Steinheid: Sichtweiten tags\u00fcber unter 50 m und leichter Nieselregen verbunden mit kr\u00e4ftigen Windb\u00f6en! &nbsp; Oberhof in den Wolken &nbsp; &nbsp; Das war unser erster Eindruck bei der Ankunft Ende September in Oberhof im Konsum-Hotel. Trotzdem f\u00fchlte ich mich wohl! Es lag wahrscheinlich an den Erinnerungen an damals in Steinheid, die dadurch wieder lebendig wurden: Fu\u00dfmarsch nach &#8222;Oben&#8220; Richtung Dienststelle nur mit Regenumhang Postenkontrolle als OvD lautstark, damit der uns im Dunst der tiefh\u00e4ngenden&#8230;<\/p>\n<p class=\"read-more\"><a class=\"btn btn-default\" href=\"https:\/\/www.guenther-s.de\/wordpress\/4793\/\">Weiterlesen<span class=\"screen-reader-text\"> Weiterlesen<\/span><\/a><\/p>\n","protected":false},"author":1,"featured_media":0,"comment_status":"open","ping_status":"open","sticky":false,"template":"","format":"standard","meta":{"footnotes":""},"categories":[1],"tags":[],"class_list":["post-4793","post","type-post","status-publish","format-standard","hentry","category-allgemein"],"_links":{"self":[{"href":"https:\/\/www.guenther-s.de\/wordpress\/wp-json\/wp\/v2\/posts\/4793","targetHints":{"allow":["GET"]}}],"collection":[{"href":"https:\/\/www.guenther-s.de\/wordpress\/wp-json\/wp\/v2\/posts"}],"about":[{"href":"https:\/\/www.guenther-s.de\/wordpress\/wp-json\/wp\/v2\/types\/post"}],"author":[{"embeddable":true,"href":"https:\/\/www.guenther-s.de\/wordpress\/wp-json\/wp\/v2\/users\/1"}],"replies":[{"embeddable":true,"href":"https:\/\/www.guenther-s.de\/wordpress\/wp-json\/wp\/v2\/comments?post=4793"}],"version-history":[{"count":33,"href":"https:\/\/www.guenther-s.de\/wordpress\/wp-json\/wp\/v2\/posts\/4793\/revisions"}],"predecessor-version":[{"id":4838,"href":"https:\/\/www.guenther-s.de\/wordpress\/wp-json\/wp\/v2\/posts\/4793\/revisions\/4838"}],"wp:attachment":[{"href":"https:\/\/www.guenther-s.de\/wordpress\/wp-json\/wp\/v2\/media?parent=4793"}],"wp:term":[{"taxonomy":"category","embeddable":true,"href":"https:\/\/www.guenther-s.de\/wordpress\/wp-json\/wp\/v2\/categories?post=4793"},{"taxonomy":"post_tag","embeddable":true,"href":"https:\/\/www.guenther-s.de\/wordpress\/wp-json\/wp\/v2\/tags?post=4793"}],"curies":[{"name":"wp","href":"https:\/\/api.w.org\/{rel}","templated":true}]}}