{"id":4488,"date":"2025-03-29T17:31:05","date_gmt":"2025-03-29T16:31:05","guid":{"rendered":"https:\/\/www.guenther-s.de\/wordpress\/?p=4488"},"modified":"2025-03-30T15:04:36","modified_gmt":"2025-03-30T13:04:36","slug":"irrsinn-in-die-naechste-runde","status":"publish","type":"post","link":"https:\/\/www.guenther-s.de\/wordpress\/4488\/","title":{"rendered":"Irrsinn: In die n\u00e4chste Runde!"},"content":{"rendered":"<p><img loading=\"lazy\" decoding=\"async\" class=\"aligncenter size-full wp-image-328\" src=\"https:\/\/www.guenther-s.de\/wordpress\/wp-content\/uploads\/2007\/03\/uhr.gif\" alt=\"\" width=\"178\" height=\"132\" \/><\/p>\n<p><em>\u00c4rzte sagen es &#8211; die Masse der B\u00fcrger f\u00fchlt es am eigenen Leibe:<\/em> Die Umstellung der Tageszeit um eine Stunde verursacht gesundheitliche Probleme, die erst nach Tagen bei vielen Menschen abklingen!<\/p>\n<p>Und was machen unsere Politiker: Sie interessiert das nicht wirklich! Denn seit 2019 gibt es zwar einen Beschlu\u00df des EU-Parlamentes, da\u00df diese Sache endlich abgeschafft wird. 2021 war daf\u00fcr als Stichjahr vorgesehen &#8211; <u>aber passiert ist nichts!<\/u><\/p>\n<p style=\"text-align: center;\"><em><strong>Warum sollte auch etwas passieren? Sind ja keine Beschl\u00fcsse zu einer Di\u00e4tenerh\u00f6hung, die schleunigst umgesetzt werden m\u00fcssen! Sind ja nur die B\u00fcrger mit ihren &#8222;kleinlichen&#8220; Interessen, die von der Masse her eine Abschaffung dieser Umstellung w\u00fcnschen!<\/strong><\/em><\/p>\n<p><em>Also drehen wir in der Nacht wieder an den Uhrzeigern &#8230;<\/em><\/p>\n<p>&nbsp;<\/p>\n","protected":false},"excerpt":{"rendered":"<p>\u00c4rzte sagen es &#8211; die Masse der B\u00fcrger f\u00fchlt es am eigenen Leibe: Die Umstellung der Tageszeit um eine Stunde verursacht gesundheitliche Probleme, die erst nach Tagen bei vielen Menschen abklingen! Und was machen unsere Politiker: Sie interessiert das nicht wirklich! Denn seit 2019 gibt es zwar einen Beschlu\u00df des EU-Parlamentes, da\u00df diese Sache endlich abgeschafft wird. 2021 war daf\u00fcr als Stichjahr vorgesehen &#8211; aber passiert ist nichts! Warum sollte auch etwas passieren? Sind ja keine Beschl\u00fcsse zu einer Di\u00e4tenerh\u00f6hung,&#8230;<\/p>\n<p class=\"read-more\"><a class=\"btn btn-default\" href=\"https:\/\/www.guenther-s.de\/wordpress\/4488\/\">Weiterlesen<span class=\"screen-reader-text\"> Weiterlesen<\/span><\/a><\/p>\n","protected":false},"author":1,"featured_media":0,"comment_status":"open","ping_status":"open","sticky":false,"template":"","format":"standard","meta":{"footnotes":""},"categories":[1],"tags":[],"class_list":["post-4488","post","type-post","status-publish","format-standard","hentry","category-allgemein"],"_links":{"self":[{"href":"https:\/\/www.guenther-s.de\/wordpress\/wp-json\/wp\/v2\/posts\/4488","targetHints":{"allow":["GET"]}}],"collection":[{"href":"https:\/\/www.guenther-s.de\/wordpress\/wp-json\/wp\/v2\/posts"}],"about":[{"href":"https:\/\/www.guenther-s.de\/wordpress\/wp-json\/wp\/v2\/types\/post"}],"author":[{"embeddable":true,"href":"https:\/\/www.guenther-s.de\/wordpress\/wp-json\/wp\/v2\/users\/1"}],"replies":[{"embeddable":true,"href":"https:\/\/www.guenther-s.de\/wordpress\/wp-json\/wp\/v2\/comments?post=4488"}],"version-history":[{"count":4,"href":"https:\/\/www.guenther-s.de\/wordpress\/wp-json\/wp\/v2\/posts\/4488\/revisions"}],"predecessor-version":[{"id":4492,"href":"https:\/\/www.guenther-s.de\/wordpress\/wp-json\/wp\/v2\/posts\/4488\/revisions\/4492"}],"wp:attachment":[{"href":"https:\/\/www.guenther-s.de\/wordpress\/wp-json\/wp\/v2\/media?parent=4488"}],"wp:term":[{"taxonomy":"category","embeddable":true,"href":"https:\/\/www.guenther-s.de\/wordpress\/wp-json\/wp\/v2\/categories?post=4488"},{"taxonomy":"post_tag","embeddable":true,"href":"https:\/\/www.guenther-s.de\/wordpress\/wp-json\/wp\/v2\/tags?post=4488"}],"curies":[{"name":"wp","href":"https:\/\/api.w.org\/{rel}","templated":true}]}}