{"id":4359,"date":"2025-01-08T17:24:33","date_gmt":"2025-01-08T16:24:33","guid":{"rendered":"https:\/\/www.guenther-s.de\/wordpress\/?p=4359"},"modified":"2025-01-08T17:29:11","modified_gmt":"2025-01-08T16:29:11","slug":"egon-bahr-ein-weggefaehrte-von-willy-brandt","status":"publish","type":"post","link":"https:\/\/www.guenther-s.de\/wordpress\/4359\/","title":{"rendered":"Egon Bahr &#8211; ein Weggef\u00e4hrte von Willy Brandt"},"content":{"rendered":"<p>&nbsp;<\/p>\n<p>Ich bin mal wieder \u00fcber einen Namen gestolpert, der mir aus den 70-er und 80-er Jahren des vorigen Jahrhunderts durch seine Verhandlungen mit der DDR-F\u00fchrung gel\u00e4ufig war: Egon Bahr &#8211; geboren 1922 in Th\u00fcringen, verstorben 2015 in Berlin<\/p>\n<p>In Erinnerung kam er mir, weil mir zwei Ausspr\u00fcche seinerseits &#8222;im Internet vor die F\u00fc\u00dfe fielen&#8220; und ich sie treffend f\u00fcr das Verst\u00e4ndnis der Entwicklungen in der Gegenwart fand:<\/p>\n<blockquote><p>\u00abEs gibt keine Stabilit\u00e4t in Europa ohne die Beteiligung und Einbindung Russlands. Ich wei\u00df genau, dass Russland nicht so schwach bleibt, wie es im Augenblick ist. Derzeit k\u00f6nnen wir alles tun \u2013 Russland kann uns daran nicht hindern, es ist zu schwach. Aber ich warne davor, ein stolzes Volk zu dem\u00fctigen\u00bb<\/p>\n<p>Bahr 1999 in einem Gespr\u00e4ch mit dem Schweizer Radio<\/p><\/blockquote>\n<p>&nbsp;<\/p>\n<blockquote><p>&#8222;In der internationalen Politik geht es nie um Demokratie oder Menschenrechte. Es geht um die Interessen von Staaten. Merken Sie sich das, egal, was man Ihnen im Geschichtsunterricht erz\u00e4hlt.&#8220;<\/p>\n<p>Bahr 2013 vor Gymnasiasten<\/p><\/blockquote>\n<p>&nbsp;<\/p>\n<p>Ich finde, sie regen zum Nachdenken an !<\/p>\n<p style=\"text-align: center;\"><strong>Selber denken macht wissend!<\/strong><\/p>\n","protected":false},"excerpt":{"rendered":"<p>&nbsp; Ich bin mal wieder \u00fcber einen Namen gestolpert, der mir aus den 70-er und 80-er Jahren des vorigen Jahrhunderts durch seine Verhandlungen mit der DDR-F\u00fchrung gel\u00e4ufig war: Egon Bahr &#8211; geboren 1922 in Th\u00fcringen, verstorben 2015 in Berlin In Erinnerung kam er mir, weil mir zwei Ausspr\u00fcche seinerseits &#8222;im Internet vor die F\u00fc\u00dfe fielen&#8220; und ich sie treffend f\u00fcr das Verst\u00e4ndnis der Entwicklungen in der Gegenwart fand: \u00abEs gibt keine Stabilit\u00e4t in Europa ohne die Beteiligung und Einbindung Russlands&#8230;.<\/p>\n<p class=\"read-more\"><a class=\"btn btn-default\" href=\"https:\/\/www.guenther-s.de\/wordpress\/4359\/\">Weiterlesen<span class=\"screen-reader-text\"> Weiterlesen<\/span><\/a><\/p>\n","protected":false},"author":1,"featured_media":0,"comment_status":"open","ping_status":"open","sticky":false,"template":"","format":"standard","meta":{"footnotes":""},"categories":[1],"tags":[],"class_list":["post-4359","post","type-post","status-publish","format-standard","hentry","category-allgemein"],"_links":{"self":[{"href":"https:\/\/www.guenther-s.de\/wordpress\/wp-json\/wp\/v2\/posts\/4359","targetHints":{"allow":["GET"]}}],"collection":[{"href":"https:\/\/www.guenther-s.de\/wordpress\/wp-json\/wp\/v2\/posts"}],"about":[{"href":"https:\/\/www.guenther-s.de\/wordpress\/wp-json\/wp\/v2\/types\/post"}],"author":[{"embeddable":true,"href":"https:\/\/www.guenther-s.de\/wordpress\/wp-json\/wp\/v2\/users\/1"}],"replies":[{"embeddable":true,"href":"https:\/\/www.guenther-s.de\/wordpress\/wp-json\/wp\/v2\/comments?post=4359"}],"version-history":[{"count":6,"href":"https:\/\/www.guenther-s.de\/wordpress\/wp-json\/wp\/v2\/posts\/4359\/revisions"}],"predecessor-version":[{"id":4365,"href":"https:\/\/www.guenther-s.de\/wordpress\/wp-json\/wp\/v2\/posts\/4359\/revisions\/4365"}],"wp:attachment":[{"href":"https:\/\/www.guenther-s.de\/wordpress\/wp-json\/wp\/v2\/media?parent=4359"}],"wp:term":[{"taxonomy":"category","embeddable":true,"href":"https:\/\/www.guenther-s.de\/wordpress\/wp-json\/wp\/v2\/categories?post=4359"},{"taxonomy":"post_tag","embeddable":true,"href":"https:\/\/www.guenther-s.de\/wordpress\/wp-json\/wp\/v2\/tags?post=4359"}],"curies":[{"name":"wp","href":"https:\/\/api.w.org\/{rel}","templated":true}]}}