{"id":4342,"date":"2025-01-05T14:24:22","date_gmt":"2025-01-05T13:24:22","guid":{"rendered":"https:\/\/www.guenther-s.de\/wordpress\/?p=4342"},"modified":"2025-01-08T17:07:54","modified_gmt":"2025-01-08T16:07:54","slug":"neujahr-2025-wieviel-zeit-noch","status":"publish","type":"post","link":"https:\/\/www.guenther-s.de\/wordpress\/4342\/","title":{"rendered":"Neujahr 2025 &#8211; wieviel Zeit noch?"},"content":{"rendered":"<p>&nbsp;<\/p>\n<p><em><strong>Nun haben wir es wieder geschafft!<\/strong><\/em> Der Neujahrstag ist \u00fcberstanden und mit dem zweiten Januar (mein Opa sagte immer &#8222;J\u00e4nner&#8220; &#8211; er wurde noch in \u00d6sterreich-Ungarn geboren und k\u00e4mpfte f\u00fcr dieses Kaiserreich im ersten Weltkrieg &#8211; \u00fcberlebte als Kriegsinvalide!) kehrt langsam Ruhe auf den Stra\u00dfen ein!<\/p>\n<p><img loading=\"lazy\" decoding=\"async\" class=\"alignleft size-full wp-image-377\" src=\"https:\/\/www.guenther-s.de\/wordpress\/wp-content\/uploads\/2007\/01\/vampir.gif\" alt=\"\" width=\"121\" height=\"144\" \/> Bei dem Gedanken an meinen Gro\u00dfvater mu\u00dfte ich an seine Erz\u00e4hlungen \u00fcber die Zeit bis 45 denken. Mein Onkel k\u00e4mpfte f\u00fcr &#8222;F\u00fchrer, Volk und Vaterland&#8220; in Afrika &#8211; was er dort wohl suchte und fand? &#8211; zumindest\u00a0 fand er nicht den Tod, sondern kehrte heim! Seine Eltern und meine Mutter hatten im April 1945 genauso Gl\u00fcck &#8211; sie wurden zwar in Aussig im April 1945 &#8222;ausgebombt&#8220; &#8211; aber \u00fcberlebten!<\/p>\n<p><u><strong>Zwei Mal Krieg der Deutschen gegen Russland<\/strong><\/u> &#8211; beide Mal ging es f\u00fcr die Deutschen nach hinten los! Meine Vorfahren haben es aber \u00fcberlebt! Nun geht es wieder los mit der Vorbereitung eines Krieges gegen Russland! Oder wollen die uns \u00fcberfallen? Egal &#8211; wir m\u00fcssen nach Ansicht von Politikern unserer F\u00fchrung (Regierung) wieder &#8222;kriegst\u00fcchtig&#8220; werden! Boris Pistorius (SPD) im Deutschen Bundestag am 05.06.2024! Na dann auf ein Neues! &#8222;Wir schaffen das!&#8220; &#8211; hat mal eine Kanzlerin gesagt &#8211; zwar in Bezug auf etwas anderes &#8211; aber ist gut auf die Einstellung unserer &#8222;Oberen&#8220; und deren Denken in Bezug auf einen neuen Russlandfeldzug anwendbar!<\/p>\n<p>Ein Gl\u00fcck, da\u00df der &#8222;Oreschnik&#8220; (Haselnu\u00dfstrauch) am 21.11.24 wohl ziemlich korrekt sein geplantes Ziel traf\u00a0 &#8211; da haben wir wohl keinen Fehlschu\u00df auf Blankenfelde zu erwarten, wenn die &#8222;Haseln\u00fcsse&#8220; auf Berlin fallen sollten! Aber das ist wohl in der gegenw\u00e4rtigen Zeit bei der Bewegung Richtung dritten Krieg mit Russland nur ein geringer Trost, wenn die uns dann laut westlichen Politikern dieses Jahrzehnt wohl noch mit Krieg \u00fcberziehen &#8211; die NATO angreifen!<\/p>\n<h2 style=\"text-align: center;\">\u201eDas gro\u00dfe Karthago f\u00fchrte drei Kriege. Nach dem ersten war es noch m\u00e4chtig. Nach dem zweiten war es noch bewohnbar. Nach dem dritten war es nicht mehr aufzufinden.\u201c<\/h2>\n<p>(Bertolt Brecht)<\/p>\n<p>Mal sehen, ob es hinterher noch Leute gibt, die sagen: &#8222;Wir haben doch von allem nichts gewu\u00dft!&#8220;<\/p>\n<p style=\"text-align: center;\"><strong>Selber denken macht wissend!<\/strong><\/p>\n<p>&nbsp;<\/p>\n","protected":false},"excerpt":{"rendered":"<p>&nbsp; Nun haben wir es wieder geschafft! Der Neujahrstag ist \u00fcberstanden und mit dem zweiten Januar (mein Opa sagte immer &#8222;J\u00e4nner&#8220; &#8211; er wurde noch in \u00d6sterreich-Ungarn geboren und k\u00e4mpfte f\u00fcr dieses Kaiserreich im ersten Weltkrieg &#8211; \u00fcberlebte als Kriegsinvalide!) kehrt langsam Ruhe auf den Stra\u00dfen ein! Bei dem Gedanken an meinen Gro\u00dfvater mu\u00dfte ich an seine Erz\u00e4hlungen \u00fcber die Zeit bis 45 denken. Mein Onkel k\u00e4mpfte f\u00fcr &#8222;F\u00fchrer, Volk und Vaterland&#8220; in Afrika &#8211; was er dort wohl suchte&#8230;<\/p>\n<p class=\"read-more\"><a class=\"btn btn-default\" href=\"https:\/\/www.guenther-s.de\/wordpress\/4342\/\">Weiterlesen<span class=\"screen-reader-text\"> Weiterlesen<\/span><\/a><\/p>\n","protected":false},"author":1,"featured_media":0,"comment_status":"open","ping_status":"open","sticky":false,"template":"","format":"standard","meta":{"footnotes":""},"categories":[1],"tags":[],"class_list":["post-4342","post","type-post","status-publish","format-standard","hentry","category-allgemein"],"_links":{"self":[{"href":"https:\/\/www.guenther-s.de\/wordpress\/wp-json\/wp\/v2\/posts\/4342","targetHints":{"allow":["GET"]}}],"collection":[{"href":"https:\/\/www.guenther-s.de\/wordpress\/wp-json\/wp\/v2\/posts"}],"about":[{"href":"https:\/\/www.guenther-s.de\/wordpress\/wp-json\/wp\/v2\/types\/post"}],"author":[{"embeddable":true,"href":"https:\/\/www.guenther-s.de\/wordpress\/wp-json\/wp\/v2\/users\/1"}],"replies":[{"embeddable":true,"href":"https:\/\/www.guenther-s.de\/wordpress\/wp-json\/wp\/v2\/comments?post=4342"}],"version-history":[{"count":16,"href":"https:\/\/www.guenther-s.de\/wordpress\/wp-json\/wp\/v2\/posts\/4342\/revisions"}],"predecessor-version":[{"id":4358,"href":"https:\/\/www.guenther-s.de\/wordpress\/wp-json\/wp\/v2\/posts\/4342\/revisions\/4358"}],"wp:attachment":[{"href":"https:\/\/www.guenther-s.de\/wordpress\/wp-json\/wp\/v2\/media?parent=4342"}],"wp:term":[{"taxonomy":"category","embeddable":true,"href":"https:\/\/www.guenther-s.de\/wordpress\/wp-json\/wp\/v2\/categories?post=4342"},{"taxonomy":"post_tag","embeddable":true,"href":"https:\/\/www.guenther-s.de\/wordpress\/wp-json\/wp\/v2\/tags?post=4342"}],"curies":[{"name":"wp","href":"https:\/\/api.w.org\/{rel}","templated":true}]}}