{"id":4326,"date":"2024-11-30T14:07:22","date_gmt":"2024-11-30T13:07:22","guid":{"rendered":"https:\/\/www.guenther-s.de\/wordpress\/?p=4326"},"modified":"2024-12-02T17:53:37","modified_gmt":"2024-12-02T16:53:37","slug":"stellvertretekrieg-nun-doch","status":"publish","type":"post","link":"https:\/\/www.guenther-s.de\/wordpress\/4326\/","title":{"rendered":"&#8222;Stellvertreterkrieg&#8220; &#8211; nun doch?"},"content":{"rendered":"<p>&nbsp;<\/p>\n<p>Es gab einen Tabu-Bruch auf der politischen Weltb\u00fchne! Der ist zwar bei den bundesdeutschen &#8222;Qualt\u00e4tsmedien&#8220; noch nicht angekommen, aber wird sich auf Dauer vor der eigenen Bev\u00f6lkerung nicht verheimlichen lassen:<\/p>\n<p style=\"text-align: center;\"><strong>Der ehemalige britische Premierminister Boris Johnson hat \u00f6ffentlich eine Realit\u00e4t anerkannt, die sich f\u00fcr sehende und denkende B\u00fcrger dieses Landes schon l\u00e4ngst als eine Wahrheit darstellte!<\/strong><\/p>\n<blockquote>\n<h2 style=\"text-align: center;\"><strong>\u201eKumpel, seien wir ehrlich\u2026 Wir f\u00fchren einen Stellvertreterkrieg! Wir f\u00fchren einen Stellvertreterkrieg, aber wir geben unseren Stellvertretern nicht die M\u00f6glichkeit, ihre Aufgabe zu erf\u00fcllen.\u201c<\/strong><\/h2>\n<\/blockquote>\n<p><em>Wen meint er wohl mit &#8222;wir&#8220;? Und was ist &#8222;ihre&#8220; Aufgabe?<br \/>\n<\/em><\/p>\n<p>Hier ist der <a href=\"https:\/\/x.com\/RnaudBertrand\/status\/1862320989432160459\" target=\"_blank\" rel=\"noopener\">Link zum Videoausschnitt<\/a> des Gespr\u00e4chs und hier ein Link zum <a href=\"https:\/\/www.nachdenkseiten.de\/?p=125458\" target=\"_blank\" rel=\"noopener\">Kommentar von Marcus Kl\u00f6ckner<\/a> zu diesem Ereignis.<\/p>\n<p><u>Ich kann nur wiederholen:<\/u><\/p>\n<h3 style=\"text-align: center;\">Selber denken macht wissend!<\/h3>\n<p>&nbsp;<\/p>\n<p>&nbsp;<\/p>\n","protected":false},"excerpt":{"rendered":"<p>&nbsp; Es gab einen Tabu-Bruch auf der politischen Weltb\u00fchne! Der ist zwar bei den bundesdeutschen &#8222;Qualt\u00e4tsmedien&#8220; noch nicht angekommen, aber wird sich auf Dauer vor der eigenen Bev\u00f6lkerung nicht verheimlichen lassen: Der ehemalige britische Premierminister Boris Johnson hat \u00f6ffentlich eine Realit\u00e4t anerkannt, die sich f\u00fcr sehende und denkende B\u00fcrger dieses Landes schon l\u00e4ngst als eine Wahrheit darstellte! \u201eKumpel, seien wir ehrlich\u2026 Wir f\u00fchren einen Stellvertreterkrieg! Wir f\u00fchren einen Stellvertreterkrieg, aber wir geben unseren Stellvertretern nicht die M\u00f6glichkeit, ihre Aufgabe zu&#8230;<\/p>\n<p class=\"read-more\"><a class=\"btn btn-default\" href=\"https:\/\/www.guenther-s.de\/wordpress\/4326\/\">Weiterlesen<span class=\"screen-reader-text\"> Weiterlesen<\/span><\/a><\/p>\n","protected":false},"author":1,"featured_media":0,"comment_status":"open","ping_status":"open","sticky":false,"template":"","format":"standard","meta":{"footnotes":""},"categories":[1],"tags":[],"class_list":["post-4326","post","type-post","status-publish","format-standard","hentry","category-allgemein"],"_links":{"self":[{"href":"https:\/\/www.guenther-s.de\/wordpress\/wp-json\/wp\/v2\/posts\/4326","targetHints":{"allow":["GET"]}}],"collection":[{"href":"https:\/\/www.guenther-s.de\/wordpress\/wp-json\/wp\/v2\/posts"}],"about":[{"href":"https:\/\/www.guenther-s.de\/wordpress\/wp-json\/wp\/v2\/types\/post"}],"author":[{"embeddable":true,"href":"https:\/\/www.guenther-s.de\/wordpress\/wp-json\/wp\/v2\/users\/1"}],"replies":[{"embeddable":true,"href":"https:\/\/www.guenther-s.de\/wordpress\/wp-json\/wp\/v2\/comments?post=4326"}],"version-history":[{"count":6,"href":"https:\/\/www.guenther-s.de\/wordpress\/wp-json\/wp\/v2\/posts\/4326\/revisions"}],"predecessor-version":[{"id":4332,"href":"https:\/\/www.guenther-s.de\/wordpress\/wp-json\/wp\/v2\/posts\/4326\/revisions\/4332"}],"wp:attachment":[{"href":"https:\/\/www.guenther-s.de\/wordpress\/wp-json\/wp\/v2\/media?parent=4326"}],"wp:term":[{"taxonomy":"category","embeddable":true,"href":"https:\/\/www.guenther-s.de\/wordpress\/wp-json\/wp\/v2\/categories?post=4326"},{"taxonomy":"post_tag","embeddable":true,"href":"https:\/\/www.guenther-s.de\/wordpress\/wp-json\/wp\/v2\/tags?post=4326"}],"curies":[{"name":"wp","href":"https:\/\/api.w.org\/{rel}","templated":true}]}}