{"id":4205,"date":"2024-09-30T17:01:59","date_gmt":"2024-09-30T15:01:59","guid":{"rendered":"https:\/\/www.guenther-s.de\/wordpress\/?p=4205"},"modified":"2024-10-10T07:54:29","modified_gmt":"2024-10-10T05:54:29","slug":"oberhof-mal-wieder","status":"publish","type":"post","link":"https:\/\/www.guenther-s.de\/wordpress\/4205\/","title":{"rendered":"Oberhof mal wieder&#8230;"},"content":{"rendered":"<h2>&#8230; im Herbst!<\/h2>\n<p><a href=\"https:\/\/www.guenther-s.de\/wordpress\/wp-content\/uploads\/2024\/10\/oberhof-2024-01.jpg\" target=\"_blank\" rel=\"noopener\"><img loading=\"lazy\" decoding=\"async\" class=\"alignleft size-medium wp-image-4211\" src=\"https:\/\/www.guenther-s.de\/wordpress\/wp-content\/uploads\/2024\/10\/oberhof-2024-01a-224x300.jpg\" alt=\"\" width=\"224\" height=\"300\" srcset=\"https:\/\/www.guenther-s.de\/wordpress\/wp-content\/uploads\/2024\/10\/oberhof-2024-01a-224x300.jpg 224w, https:\/\/www.guenther-s.de\/wordpress\/wp-content\/uploads\/2024\/10\/oberhof-2024-01a-201x270.jpg 201w, https:\/\/www.guenther-s.de\/wordpress\/wp-content\/uploads\/2024\/10\/oberhof-2024-01a.jpg 370w\" sizes=\"auto, (max-width: 224px) 100vw, 224px\" \/><\/a> Wir waren mal wieder nach Th\u00fcringen unterwegs. Bei herrlichem Sp\u00e4tsommerwetter losgefahren und bei diesem Wetter auch in Ebersdorf bei Sonneberg angekommen! Wie immer war der Empfang herzlich &#8211; der selbst angesetzte Obstlik\u00f6r (das Verh\u00e4ltnis von Primasprit zu den Fr\u00fcchten kann h\u00f6chstens 1:2 betragen haben) war derma\u00dfen gut &#8211; nach dem dritten Gl\u00e4schen <img loading=\"lazy\" decoding=\"async\" class=\"alignnone size-full wp-image-577\" src=\"https:\/\/www.guenther-s.de\/wordpress\/wp-content\/uploads\/2006\/07\/prost3.gif\" alt=\"\" width=\"25\" height=\"17\" \/> empfand ich die Garagenwand als angenehm! <a href=\"https:\/\/www.guenther-s.de\/wordpress\/wp-content\/uploads\/2024\/10\/oberhof-2024-02.jpg\" target=\"_blank\" rel=\"noopener\"><img loading=\"lazy\" decoding=\"async\" class=\"size-medium wp-image-4213 alignright\" src=\"https:\/\/www.guenther-s.de\/wordpress\/wp-content\/uploads\/2024\/10\/oberhof-2024-02a-219x300.jpg\" alt=\"\" width=\"219\" height=\"300\" srcset=\"https:\/\/www.guenther-s.de\/wordpress\/wp-content\/uploads\/2024\/10\/oberhof-2024-02a-219x300.jpg 219w, https:\/\/www.guenther-s.de\/wordpress\/wp-content\/uploads\/2024\/10\/oberhof-2024-02a-197x270.jpg 197w, https:\/\/www.guenther-s.de\/wordpress\/wp-content\/uploads\/2024\/10\/oberhof-2024-02a.jpg 363w\" sizes=\"auto, (max-width: 219px) 100vw, 219px\" \/><\/a> Nach der dortigen \u00dcbernachtungspause ging es dann weiter (ausgen\u00fcchtert) nach Oberhof in unser schon mehrmals in der Vergangenheit besuchtes Hotel &#8212;&gt; <a href=\"https:\/\/www.berghotel-oberhof.de\/\" target=\"_blank\" rel=\"noopener\">Konsum Berghotel Oberhof<\/a>. Das Wetter wurde bei der Fahrt von 400 m \u00fc. NN (Sonneberg) auf 800 m \u00fc. NN (Oberhof) immer \u00e4hnlicher dem &#8222;geliebten&#8220; Steinheider: Wir waren in bzw. knapp unter den Wolken! Der Kontrast konnte nicht st\u00e4rker sein! Der erste Spaziergang zum Panorama-Hotel war f\u00fcr die an die W\u00e4rme ge- und durch den Sommer verw\u00f6hnten Sp\u00e4tsommerg\u00e4ste &#8211; die G\u00fcnther-s &#8211; wie eine Reise in ihre Vergangenheit der 70-er und 80-er Jahre des vergangenen Jahrhunderts &#8211; wie Steinheid im Herbst!<\/p>\n<p><a href=\"https:\/\/www.guenther-s.de\/wordpress\/wp-content\/uploads\/2024\/10\/oberhof-2024-03.jpg\" target=\"_blank\" rel=\"noopener\"><img loading=\"lazy\" decoding=\"async\" class=\"alignnone size-medium wp-image-4215\" src=\"https:\/\/www.guenther-s.de\/wordpress\/wp-content\/uploads\/2024\/10\/oberhof-2024-03a-300x223.jpg\" alt=\"\" width=\"300\" height=\"223\" srcset=\"https:\/\/www.guenther-s.de\/wordpress\/wp-content\/uploads\/2024\/10\/oberhof-2024-03a-300x223.jpg 300w, https:\/\/www.guenther-s.de\/wordpress\/wp-content\/uploads\/2024\/10\/oberhof-2024-03a-363x270.jpg 363w, https:\/\/www.guenther-s.de\/wordpress\/wp-content\/uploads\/2024\/10\/oberhof-2024-03a.jpg 492w\" sizes=\"auto, (max-width: 300px) 100vw, 300px\" \/><\/a><\/p>\n<p>Ein Gl\u00fcck, da\u00df in Oberhof die Gl\u00fchweinsaison schon er\u00f6ffnet war: der erste mit Schu\u00df &#8211; auf jeden Fall mit Amaretto probieren!<\/p>\n<p><a href=\"https:\/\/www.guenther-s.de\/wordpress\/wp-content\/uploads\/2024\/10\/oberhof-2024-04.jpg\" target=\"_blank\" rel=\"noopener\"><img loading=\"lazy\" decoding=\"async\" class=\"alignleft size-medium wp-image-4219\" src=\"https:\/\/www.guenther-s.de\/wordpress\/wp-content\/uploads\/2024\/10\/oberhof-2024-05a-222x300.jpg\" alt=\"\" width=\"222\" height=\"300\" srcset=\"https:\/\/www.guenther-s.de\/wordpress\/wp-content\/uploads\/2024\/10\/oberhof-2024-05a-222x300.jpg 222w, https:\/\/www.guenther-s.de\/wordpress\/wp-content\/uploads\/2024\/10\/oberhof-2024-05a-199x270.jpg 199w, https:\/\/www.guenther-s.de\/wordpress\/wp-content\/uploads\/2024\/10\/oberhof-2024-05a.jpg 367w\" sizes=\"auto, (max-width: 222px) 100vw, 222px\" \/><\/a><a href=\"https:\/\/www.guenther-s.de\/wordpress\/wp-content\/uploads\/2024\/10\/oberhof-2024-05.jpg\" target=\"_blank\" rel=\"noopener\"><img loading=\"lazy\" decoding=\"async\" class=\"alignright size-medium wp-image-4217\" src=\"https:\/\/www.guenther-s.de\/wordpress\/wp-content\/uploads\/2024\/10\/oberhof-2024-04a-220x300.jpg\" alt=\"\" width=\"220\" height=\"300\" srcset=\"https:\/\/www.guenther-s.de\/wordpress\/wp-content\/uploads\/2024\/10\/oberhof-2024-04a-220x300.jpg 220w, https:\/\/www.guenther-s.de\/wordpress\/wp-content\/uploads\/2024\/10\/oberhof-2024-04a-198x270.jpg 198w, https:\/\/www.guenther-s.de\/wordpress\/wp-content\/uploads\/2024\/10\/oberhof-2024-04a.jpg 364w\" sizes=\"auto, (max-width: 220px) 100vw, 220px\" \/><\/a>\u00a0Aber nicht nur dem Alkohol haben wir dort zugesprochen &#8211; unser Hotel hat auch eine erstklassige K\u00fcche und da wir nicht zu den Vegetariern (oder noch schlimmer: Veganern) geh\u00f6ren, waren die angebotenen Men\u00fcs (zwei hier zur Ansicht &#8211; damit euch das Wasser im Mund zusammen l\u00e4uft) genau nach unserem Geschmack!<\/p>\n<p>Aber die trotz Wetterkapriolen sch\u00f6nen Tage auf der H\u00f6h gingen dann nach einer Woche doch zu Ende &#8211; das Wetter hatte ein Einsehen und lie\u00df uns den letzten Tag noch mal richtig Sonne tanken bei sch\u00f6nem Kurprogramm!<\/p>\n<p style=\"text-align: center;\"><iframe loading=\"lazy\" src=\"https:\/\/www.guenther-s.de\/video\/oberhof-2024.mp4?autoplay=0\" width=\"250\" height=\"320\" frameborder=\"0\" allowfullscreen=\"allowfullscreen\"><\/iframe><\/p>\n<p style=\"text-align: center;\"><em><strong>Es gibt im Urlaub keine tr\u00fcben Tage! Man mu\u00df nur genie\u00dfen wollen &#8211; dann klappt es auch mit der Erholung!<\/strong> <\/em><\/p>\n<h2 style=\"text-align: center;\">In diesem Sinne: Oberhof &#8211; bis zum n\u00e4chsten Mal!<\/h2>\n<p>&nbsp;<\/p>\n","protected":false},"excerpt":{"rendered":"<p>&#8230; im Herbst! Wir waren mal wieder nach Th\u00fcringen unterwegs. Bei herrlichem Sp\u00e4tsommerwetter losgefahren und bei diesem Wetter auch in Ebersdorf bei Sonneberg angekommen! Wie immer war der Empfang herzlich &#8211; der selbst angesetzte Obstlik\u00f6r (das Verh\u00e4ltnis von Primasprit zu den Fr\u00fcchten kann h\u00f6chstens 1:2 betragen haben) war derma\u00dfen gut &#8211; nach dem dritten Gl\u00e4schen empfand ich die Garagenwand als angenehm! Nach der dortigen \u00dcbernachtungspause ging es dann weiter (ausgen\u00fcchtert) nach Oberhof in unser schon mehrmals in der Vergangenheit besuchtes&#8230;<\/p>\n<p class=\"read-more\"><a class=\"btn btn-default\" href=\"https:\/\/www.guenther-s.de\/wordpress\/4205\/\">Weiterlesen<span class=\"screen-reader-text\"> Weiterlesen<\/span><\/a><\/p>\n","protected":false},"author":1,"featured_media":0,"comment_status":"open","ping_status":"open","sticky":false,"template":"","format":"standard","meta":{"footnotes":""},"categories":[1],"tags":[],"class_list":["post-4205","post","type-post","status-publish","format-standard","hentry","category-allgemein"],"_links":{"self":[{"href":"https:\/\/www.guenther-s.de\/wordpress\/wp-json\/wp\/v2\/posts\/4205","targetHints":{"allow":["GET"]}}],"collection":[{"href":"https:\/\/www.guenther-s.de\/wordpress\/wp-json\/wp\/v2\/posts"}],"about":[{"href":"https:\/\/www.guenther-s.de\/wordpress\/wp-json\/wp\/v2\/types\/post"}],"author":[{"embeddable":true,"href":"https:\/\/www.guenther-s.de\/wordpress\/wp-json\/wp\/v2\/users\/1"}],"replies":[{"embeddable":true,"href":"https:\/\/www.guenther-s.de\/wordpress\/wp-json\/wp\/v2\/comments?post=4205"}],"version-history":[{"count":35,"href":"https:\/\/www.guenther-s.de\/wordpress\/wp-json\/wp\/v2\/posts\/4205\/revisions"}],"predecessor-version":[{"id":4254,"href":"https:\/\/www.guenther-s.de\/wordpress\/wp-json\/wp\/v2\/posts\/4205\/revisions\/4254"}],"wp:attachment":[{"href":"https:\/\/www.guenther-s.de\/wordpress\/wp-json\/wp\/v2\/media?parent=4205"}],"wp:term":[{"taxonomy":"category","embeddable":true,"href":"https:\/\/www.guenther-s.de\/wordpress\/wp-json\/wp\/v2\/categories?post=4205"},{"taxonomy":"post_tag","embeddable":true,"href":"https:\/\/www.guenther-s.de\/wordpress\/wp-json\/wp\/v2\/tags?post=4205"}],"curies":[{"name":"wp","href":"https:\/\/api.w.org\/{rel}","templated":true}]}}