{"id":3974,"date":"2024-03-17T13:05:24","date_gmt":"2024-03-17T12:05:24","guid":{"rendered":"https:\/\/www.guenther-s.de\/wordpress\/?p=3974"},"modified":"2024-03-17T13:05:25","modified_gmt":"2024-03-17T12:05:25","slug":"was-passiert-mit-unserer-demokratie-ein-zdf-interview-vom-10-03","status":"publish","type":"post","link":"https:\/\/www.guenther-s.de\/wordpress\/3974\/","title":{"rendered":"Was passiert mit unserer Demokratie &#8211; ein ZDF-Interview vom 10.03."},"content":{"rendered":"<p>&nbsp;<\/p>\n<blockquote><p>Jeder hat das Recht, seine Meinung in Wort, Schrift und Bild frei zu \u00e4u\u00dfern und zu verbreiten und sich aus allgemein zug\u00e4nglichen Quellen ungehindert zu unterrichten. Die Pressefreiheit und die Freiheit der Berichterstattung durch Rundfunk und Film werden gew\u00e4hrleistet. Eine Zensur findet nicht statt.<\/p><\/blockquote>\n<p>Artikel 5 unseres Grundgesetzes<\/p>\n<p>Aussage von <span class=\"Cover-caption\"><span class=\"Cover-captionItem\">Rechts- und Politikwissenschaftler Volker Boehme-Ne\u00dfler<\/span><\/span> in der ZDF-Sendung &#8222;Berlin direkt&#8220; vom 10.03. <a href=\"https:\/\/www.zdf.de\/politik\/berlin-direkt\/berlin-direkt-vom-10-maerz-2024-100.html\" target=\"_blank\" rel=\"noopener\">&#8212;&gt; Link<\/a><\/p>\n<blockquote><p><em>&#8222;Die Essenz der Demokratie ist, dass es ganz viele unterschiedliche Meinungen gibt, die alle gleich legitim sind. Und diese Meinungen streiten sich, und irgendwann wird abgestimmt, und dann gibt es eine Entscheidung. Das ist der Punkt.<\/em><\/p>\n<p><em>Diese Freiheit der Ideen und dieser Wettkampf der Ideen, das ist die Essenz der Demokratie. Und wenn man sagt: &#8218;Na ja, das darfst du nicht mehr sagen, das darfst du nicht mehr sagen, und das ist die Delegitimierung, und das ist zwar unterhalb der Strafbarkeitsgrenze, aber trotzdem problematisch, dann sag es lieber auch nicht.\u00a0<\/em><\/p>\n<p><em>Da f\u00e4ngt man an, die Demokratie zu ersticken. Die Meinungsfreiheit wird st\u00e4rker eingeschr\u00e4nkt, und das erstickt so ganz allm\u00e4hlich die Demokratie.\u00a0<\/em><em>Und das ist gef\u00e4hrlich.&#8220; <\/em><\/p><\/blockquote>\n<p>Das war allgemein zur Demokratie &#8212;&gt; obiges Zitat und das Zitat unten (alle aus dem oben benannten Beitrag) beschreibt, wovor wir Angst haben sollten:<\/p>\n<blockquote><p><em>&#8222;Wir m\u00fcssen uns eins klarmachen: Die Demokratie stirbt nicht mit einem Knall. Die stirbt auch in Deutschland nicht mit einem Milit\u00e4rputsch, die stirbt Zentimeter f\u00fcr Zentimeter f\u00fcr Zentimeter. Immer eine kleine Ma\u00dfnahme, und noch eine kleine Ma\u00dfnahme, und noch eine kleine Ma\u00dfnahme, und dann dreht sich die Rechtslage ganz allm\u00e4hlich, und dann dreht sich auch das Denken ganz allm\u00e4hlich. Und das ist brandgef\u00e4hrlich.&#8220;<\/em><\/p><\/blockquote>\n<p>Und nun ordnet den unten im Folgenden kurz geschilderten Vorfall vom 27.02.2024 an einer Schule in Ribnitz-Damgarten (Mecklenburg-Vorpommern) durch eigenes Nachdenken in den Demokratie-Begriff von oben ein.<\/p>\n<p>Was war geschehen? Eine 16-j\u00e4hrige hatte ein AfD-Werbevideo mit den Schl\u00fcmpfen auf TikTok gepostet \u2013 und Deutschland in diesem Post &#8222;Heimat&#8220; genannt! Der Direktor rief daraufhin die Polizei &#8211; und die kam, holte das M\u00e4dchen zu einer Befragung ins Sekretariat der Schule und belehrte sie unter anderem \u00fcber den <em>\u00a7\u00a086a StGB <\/em>(Verwenden von Kennzeichen verfassungswidriger und terroristischer Organisationen)!<\/p>\n<p>Der Vorfall soll durch die AfD-Fraktion im dortigen Landtag zur Sprache gebracht werden. Mal sehen, ob sich die Aussage der Mutter der 16-j\u00e4hrigen best\u00e4tigt, da\u00df es eine entsprechende Anordnung des Bildungsministeriums von Meck-Pom gibt, entsprechend der der Direktor handelte!<\/p>\n<p>Aber auch das &#8222;Demokratief\u00f6rdergesetz&#8220; unserer Bundesinnenministerin pa\u00dft da in diese Demokratie-Diskussion rein. &#8212;&gt; ein paar erhellende Ansichten in Leserbriefen auf die Nachfrage in der Bundespressekonferenz zu &#8222;Was versteht die Bundesregierung konkret unter &#8218;Verh\u00f6hnung des Staates&#8216;?&#8220; &#8211; was sie ja strafrechtlich verfolgen will! &#8212;&gt; <a href=\"https:\/\/www.nachdenkseiten.de\/?p=111445\" target=\"_blank\" rel=\"noopener\">Link zum Artikel<\/a><\/p>\n<h3><u>Nicht vergessen:<\/u> <em>Selber denken macht wissend!<\/em><\/h3>\n<p>&nbsp;<\/p>\n","protected":false},"excerpt":{"rendered":"<p>&nbsp; Jeder hat das Recht, seine Meinung in Wort, Schrift und Bild frei zu \u00e4u\u00dfern und zu verbreiten und sich aus allgemein zug\u00e4nglichen Quellen ungehindert zu unterrichten. Die Pressefreiheit und die Freiheit der Berichterstattung durch Rundfunk und Film werden gew\u00e4hrleistet. Eine Zensur findet nicht statt. Artikel 5 unseres Grundgesetzes Aussage von Rechts- und Politikwissenschaftler Volker Boehme-Ne\u00dfler in der ZDF-Sendung &#8222;Berlin direkt&#8220; vom 10.03. &#8212;&gt; Link &#8222;Die Essenz der Demokratie ist, dass es ganz viele unterschiedliche Meinungen gibt, die alle gleich&#8230;<\/p>\n<p class=\"read-more\"><a class=\"btn btn-default\" href=\"https:\/\/www.guenther-s.de\/wordpress\/3974\/\">Weiterlesen<span class=\"screen-reader-text\"> Weiterlesen<\/span><\/a><\/p>\n","protected":false},"author":1,"featured_media":0,"comment_status":"open","ping_status":"open","sticky":false,"template":"","format":"standard","meta":{"footnotes":""},"categories":[1],"tags":[],"class_list":["post-3974","post","type-post","status-publish","format-standard","hentry","category-allgemein"],"_links":{"self":[{"href":"https:\/\/www.guenther-s.de\/wordpress\/wp-json\/wp\/v2\/posts\/3974","targetHints":{"allow":["GET"]}}],"collection":[{"href":"https:\/\/www.guenther-s.de\/wordpress\/wp-json\/wp\/v2\/posts"}],"about":[{"href":"https:\/\/www.guenther-s.de\/wordpress\/wp-json\/wp\/v2\/types\/post"}],"author":[{"embeddable":true,"href":"https:\/\/www.guenther-s.de\/wordpress\/wp-json\/wp\/v2\/users\/1"}],"replies":[{"embeddable":true,"href":"https:\/\/www.guenther-s.de\/wordpress\/wp-json\/wp\/v2\/comments?post=3974"}],"version-history":[{"count":7,"href":"https:\/\/www.guenther-s.de\/wordpress\/wp-json\/wp\/v2\/posts\/3974\/revisions"}],"predecessor-version":[{"id":3982,"href":"https:\/\/www.guenther-s.de\/wordpress\/wp-json\/wp\/v2\/posts\/3974\/revisions\/3982"}],"wp:attachment":[{"href":"https:\/\/www.guenther-s.de\/wordpress\/wp-json\/wp\/v2\/media?parent=3974"}],"wp:term":[{"taxonomy":"category","embeddable":true,"href":"https:\/\/www.guenther-s.de\/wordpress\/wp-json\/wp\/v2\/categories?post=3974"},{"taxonomy":"post_tag","embeddable":true,"href":"https:\/\/www.guenther-s.de\/wordpress\/wp-json\/wp\/v2\/tags?post=3974"}],"curies":[{"name":"wp","href":"https:\/\/api.w.org\/{rel}","templated":true}]}}