{"id":3257,"date":"2023-03-16T11:14:49","date_gmt":"2023-03-16T10:14:49","guid":{"rendered":"https:\/\/www.guenther-s.de\/wordpress\/?p=3257"},"modified":"2023-03-28T18:35:21","modified_gmt":"2023-03-28T16:35:21","slug":"eine-ueberraschung-nach-fast-36-jahren","status":"publish","type":"post","link":"https:\/\/www.guenther-s.de\/wordpress\/3257\/","title":{"rendered":"Eine \u00dcberraschung nach fast 36 Jahren!"},"content":{"rendered":"<p>Ich wurde vor zwei Tagen nach fast 36 Jahren \u00fcberraschend an eine f\u00fcr mich bedeutende und sehr sch\u00f6ne Zeit erinnert: Vier Jahre in der SU in Kalinin (jetzt Twer &#8211; der Link zur <a href=\"https:\/\/www.tver.ru\/\" target=\"_blank\" rel=\"noopener\">Website der Stadt<\/a> und hier zum <a href=\"https:\/\/de.wikipedia.org\/wiki\/Twer\" target=\"_blank\" rel=\"noopener\">Wikipediaartikel<\/a>) an der Milit\u00e4rakademie der Luftverteidigung (jetzt: Luft-Kosmos-Verteidigung) \u201eG. K. Shukow\u201c! Es trudelte eine Mail mit ein paar Links in mein Postfach ein. Es hat mich &#8211; ehrlich gesagt &#8211; sehr gefreut und ber\u00fchrt, daran erinnert zu werden! Wie sagte damals schon ein Studienkollege \u00fcber diese Zeit: &#8222;Bei der Erinnerung daran bekommen noch heute alle die, die es erlebt haben, feuchte Augen.&#8220; Dem ist von meiner Seite nichts Gegenteiliges hinzuzuf\u00fcgen!<\/p>\n<p>Diese drei Fotos m\u00f6chten zur Illustration gen\u00fcgen:<\/p>\n<p><a href=\"https:\/\/www.guenther-s.de\/wordpress\/wp-content\/uploads\/2023\/03\/kalin1.jpg\" target=\"_blank\" rel=\"noopener\"><img loading=\"lazy\" decoding=\"async\" class=\"alignleft size-full wp-image-3263\" src=\"https:\/\/www.guenther-s.de\/wordpress\/wp-content\/uploads\/2023\/03\/kalin1a.jpg\" alt=\"\" width=\"345\" height=\"200\" srcset=\"https:\/\/www.guenther-s.de\/wordpress\/wp-content\/uploads\/2023\/03\/kalin1a.jpg 345w, https:\/\/www.guenther-s.de\/wordpress\/wp-content\/uploads\/2023\/03\/kalin1a-300x174.jpg 300w\" sizes=\"auto, (max-width: 345px) 100vw, 345px\" \/><\/a><\/p>\n<p><a href=\"https:\/\/www.guenther-s.de\/wordpress\/wp-content\/uploads\/2023\/03\/kalin4.jpg\" target=\"_blank\" rel=\"noopener\"><img loading=\"lazy\" decoding=\"async\" class=\"alignright size-full wp-image-3265\" src=\"https:\/\/www.guenther-s.de\/wordpress\/wp-content\/uploads\/2023\/03\/kalin4a.jpg\" alt=\"\" width=\"313\" height=\"200\" srcset=\"https:\/\/www.guenther-s.de\/wordpress\/wp-content\/uploads\/2023\/03\/kalin4a.jpg 313w, https:\/\/www.guenther-s.de\/wordpress\/wp-content\/uploads\/2023\/03\/kalin4a-300x192.jpg 300w\" sizes=\"auto, (max-width: 313px) 100vw, 313px\" \/><\/a><\/p>\n<p>&nbsp;<\/p>\n<p>&nbsp;<\/p>\n<p>&nbsp;<\/p>\n<p>&nbsp;<\/p>\n<p>&#8230; und das war 1987 der Abschlu\u00df <a href=\"https:\/\/www.guenther-s.de\/wordpress\/wp-content\/uploads\/2023\/03\/kalinin5.jpg\" target=\"_blank\" rel=\"noopener\"><img loading=\"lazy\" decoding=\"async\" class=\"size-full wp-image-3267 aligncenter\" src=\"https:\/\/www.guenther-s.de\/wordpress\/wp-content\/uploads\/2023\/03\/kalinin5a.jpg\" alt=\"\" width=\"600\" height=\"305\" srcset=\"https:\/\/www.guenther-s.de\/wordpress\/wp-content\/uploads\/2023\/03\/kalinin5a.jpg 600w, https:\/\/www.guenther-s.de\/wordpress\/wp-content\/uploads\/2023\/03\/kalinin5a-300x153.jpg 300w, https:\/\/www.guenther-s.de\/wordpress\/wp-content\/uploads\/2023\/03\/kalinin5a-531x270.jpg 531w\" sizes=\"auto, (max-width: 600px) 100vw, 600px\" \/><\/a><\/p>\n<p>und nun kam die Mail und die Erinnerung daran war wieder da!<\/p>\n<p>Was kam an mit der Mail? Ein Link zu einem Video gewidmet dem 60. Jahrestag der Akademiegr\u00fcndung &#8211; ein interessantes Dokument, welches anschaulich den Weg dieser Einrichtung von 1957 bis ins Jahr 2017 darstellt. Sehr interessant und informativ &#8230;<\/p>\n<p>Wer m\u00f6chte &#8211; hier ist der Film &#8211; 52 Minuten Geschichte der Ausbildungsst\u00e4tte einer Waffengattung<\/p>\n<p style=\"text-align: center;\"><video width=\"560\" height=\"315\" controls><source src=\"https:\/\/www.guenther-s.de\/video\/shukow-akademie-60-jahre.mp4\" type=\"video\/mp4\"><\/video><\/p>\n<p>F\u00fcr die, die der russischen Sprache nicht m\u00e4chtig sind: Die Filmsequenzen sind vielfach selbsterkl\u00e4rend und verst\u00e4ndlich! Wenn das Abspielen des Videos nicht funktionieren sollte &#8211; hier der <a href=\"https:\/\/www.guenther-s.de\/video\/shukow-akademie-60-jahre.mp4\" target=\"_blank\" rel=\"noopener\">Link zum Download bzw. Abspielen<\/a> im Browser. Und hier der <a href=\"https:\/\/www.youtube.com\/watch?v=gwufhmoWG60\" target=\"_blank\" rel=\"noopener\">Link zum Video auf &#8222;Youtube&#8220;<\/a> und f\u00fcr Interessierte noch der <a href=\"https:\/\/vavko.mil.ru\/\" target=\"_blank\" rel=\"noopener\">Link zur Internetseite der Akademie<\/a><\/p>\n<p>Auf den <a href=\"https:\/\/www.nva-futt.de\" target=\"_blank\" rel=\"noopener\">&#8222;Seiten der FuTT&#8220;<\/a> ist eine Aufstellung der H\u00f6rer der NVA an dieser Milit\u00e4rakademie zu finden.<\/p>\n<h2 style=\"text-align: center;\"><strong>Viel Vergn\u00fcgen!<\/strong><\/h2>\n<p>&nbsp;<\/p>\n","protected":false},"excerpt":{"rendered":"<p>Ich wurde vor zwei Tagen nach fast 36 Jahren \u00fcberraschend an eine f\u00fcr mich bedeutende und sehr sch\u00f6ne Zeit erinnert: Vier Jahre in der SU in Kalinin (jetzt Twer &#8211; der Link zur Website der Stadt und hier zum Wikipediaartikel) an der Milit\u00e4rakademie der Luftverteidigung (jetzt: Luft-Kosmos-Verteidigung) \u201eG. K. Shukow\u201c! Es trudelte eine Mail mit ein paar Links in mein Postfach ein. Es hat mich &#8211; ehrlich gesagt &#8211; sehr gefreut und ber\u00fchrt, daran erinnert zu werden! Wie sagte damals&#8230;<\/p>\n<p class=\"read-more\"><a class=\"btn btn-default\" href=\"https:\/\/www.guenther-s.de\/wordpress\/3257\/\">Weiterlesen<span class=\"screen-reader-text\"> Weiterlesen<\/span><\/a><\/p>\n","protected":false},"author":1,"featured_media":0,"comment_status":"open","ping_status":"open","sticky":false,"template":"","format":"standard","meta":{"footnotes":""},"categories":[1],"tags":[],"class_list":["post-3257","post","type-post","status-publish","format-standard","hentry","category-allgemein"],"_links":{"self":[{"href":"https:\/\/www.guenther-s.de\/wordpress\/wp-json\/wp\/v2\/posts\/3257","targetHints":{"allow":["GET"]}}],"collection":[{"href":"https:\/\/www.guenther-s.de\/wordpress\/wp-json\/wp\/v2\/posts"}],"about":[{"href":"https:\/\/www.guenther-s.de\/wordpress\/wp-json\/wp\/v2\/types\/post"}],"author":[{"embeddable":true,"href":"https:\/\/www.guenther-s.de\/wordpress\/wp-json\/wp\/v2\/users\/1"}],"replies":[{"embeddable":true,"href":"https:\/\/www.guenther-s.de\/wordpress\/wp-json\/wp\/v2\/comments?post=3257"}],"version-history":[{"count":62,"href":"https:\/\/www.guenther-s.de\/wordpress\/wp-json\/wp\/v2\/posts\/3257\/revisions"}],"predecessor-version":[{"id":3351,"href":"https:\/\/www.guenther-s.de\/wordpress\/wp-json\/wp\/v2\/posts\/3257\/revisions\/3351"}],"wp:attachment":[{"href":"https:\/\/www.guenther-s.de\/wordpress\/wp-json\/wp\/v2\/media?parent=3257"}],"wp:term":[{"taxonomy":"category","embeddable":true,"href":"https:\/\/www.guenther-s.de\/wordpress\/wp-json\/wp\/v2\/categories?post=3257"},{"taxonomy":"post_tag","embeddable":true,"href":"https:\/\/www.guenther-s.de\/wordpress\/wp-json\/wp\/v2\/tags?post=3257"}],"curies":[{"name":"wp","href":"https:\/\/api.w.org\/{rel}","templated":true}]}}